{"id":1804,"date":"2025-09-29T20:56:15","date_gmt":"2025-09-29T23:56:15","guid":{"rendered":"https:\/\/brasil.wordcamp.org\/2025\/?p=1804"},"modified":"2025-09-30T21:26:47","modified_gmt":"2025-10-01T00:26:47","slug":"dia-do-colaborador-no-wordcamp","status":"publish","type":"post","link":"https:\/\/brasil.wordcamp.org\/2025\/noticias\/dia-do-colaborador-no-wordcamp\/","title":{"rendered":"O que \u00e9 o Dia da Colabora\u00e7\u00e3o no WordCamp?"},"content":{"rendered":"\n<p class=\"wp-block-paragraph\">O <strong> Dia da Colabora\u00e7\u00e3o (<strong>Contributor Day<\/strong>)<\/strong> \u00e9 um evento de um dia inteiro, geralmente realizado imediatamente antes ou depois de um WordCamp, dedicado \u00e0 ess\u00eancia do projeto WordPress: a <strong>colabora\u00e7\u00e3o Open Source<\/strong>. \u00c9 um <em>hackathon<\/em> de um dia (ou uma tarde apenas) e uma oportunidade \u00fanica de <em>networking<\/em>, onde membros novos e experientes da comunidade se re\u00fanem presencialmente para trabalhar juntos nos mais de 20 times que mant\u00eam o WordPress.<\/p>\n\n\n\n<h3 class=\"wp-block-heading\">Por que existe o Dia do Colabora\u00e7\u00e3o?<\/h3>\n\n\n\n<p class=\"wp-block-paragraph\">O WordPress, que alimenta <a href=\"https:\/\/w3techs.com\/technologies\/overview\/content_management\" data-type=\"link\" data-id=\"https:\/\/w3techs.com\/technologies\/overview\/content_management\" target=\"_blank\" rel=\"noreferrer noopener nofollow\">mais de 43% da web<\/a>, \u00e9 um software totalmente criado e mantido por volunt\u00e1rios. <\/p>\n\n\n\n<p class=\"wp-block-paragraph\">O Dia do Colabora\u00e7\u00e3o celebra esse esp\u00edrito e transforma a teoria em pr\u00e1tica, permitindo que qualquer pessoa (desenvolvedores a escritores e profissionais de marketing) contribuam ativamente para o futuro da plataforma.<\/p>\n\n\n\n<p class=\"wp-block-paragraph\">\u00c9 o dia em que o c\u00f3digo, o design, a documenta\u00e7\u00e3o e as estrat\u00e9gias de crescimento do projeto e da comunidade local s\u00e3o aprimorados em conjunto.<\/p>\n\n\n\n<h3 class=\"wp-block-heading\">Quem pode participar?<\/h3>\n\n\n\n<p class=\"wp-block-paragraph\"><strong>Todos s\u00e3o bem-vindos!<\/strong> <\/p>\n\n\n\n<p class=\"wp-block-paragraph\">Voc\u00ea n\u00e3o precisa ser um desenvolvedor para contribuir. O Dia do Colabora\u00e7\u00e3o \u00e9 estruturado para receber:<\/p>\n\n\n\n<ul class=\"wp-block-list\">\n<li><strong>Novos Contribuidores:<\/strong> H\u00e1 mesas de <em>onboarding<\/em> e mentores amig\u00e1veis prontos para guiar os novatos, ensinando como dar os primeiros passos e em qual time come\u00e7ar.<\/li>\n\n\n\n<li><strong>Contribuidores Experientes:<\/strong> Podem aprofundar seu trabalho em suas \u00e1reas de mais conhecimento e atuar como mentores, ajudando a integrar os rec\u00e9m-chegados.<\/li>\n<\/ul>\n\n\n\n<h2 class=\"wp-block-heading\">Como posso contribuir? A Estrutura da colabora\u00e7\u00e3o<\/h2>\n\n\n\n<p class=\"wp-block-paragraph\">A divis\u00e3o de tarefas no Dia do Colabora\u00e7\u00e3o segue a estrutura de equipes j\u00e1 estabelecida pela <strong>comunidade internacional WordPress<\/strong>. S\u00e3o mais de 20 \u00e1reas diferentes, garantindo que haja uma fun\u00e7\u00e3o para todos os perfis e habilidades.<\/p>\n\n\n\n<p class=\"wp-block-paragraph\">Para conhecer em profundidade cada \u00e1rea de contribui\u00e7\u00e3o, voc\u00ea pode acessar o portal oficial: <a href=\"https:\/\/make.wordpress.org\/\" target=\"_blank\" rel=\"noreferrer noopener\">https:\/\/make.wordpress.org\/<\/a>.<\/p>\n\n\n\n<p class=\"wp-block-paragraph\">No evento, voc\u00ea poder\u00e1 se juntar a equipes focadas em:<\/p>\n\n\n\n<h3 class=\"wp-block-heading\"><strong>Contribui\u00e7\u00f5es T\u00e9cnicas<\/strong><\/h3>\n\n\n\n<p class=\"wp-block-paragraph\">Se voc\u00ea gosta de c\u00f3digo, pode atuar nas equipes de <strong>Core<\/strong> (corrigindo <em>bugs<\/em> do pr\u00f3prio e escrevendo c\u00f3digo PHP\/JavaScript para submeter para a equipe que cuida do sistema), <strong>Design\/UX<\/strong> (trabalhando em <em>mockups<\/em> e testes de usabilidade), <strong>Test<\/strong>e (testando novas funcionalidades) ou nas \u00e1reas de <strong>Temas &amp; Plugins<\/strong> (revisando e aprimorando reposit\u00f3rios).<\/p>\n\n\n\n<h3 class=\"wp-block-heading\"><strong>Contribui\u00e7\u00f5es N\u00e3o-T\u00e9cnicas<\/strong><\/h3>\n\n\n\n<p class=\"wp-block-paragraph\"> Se voc\u00ea tem paix\u00e3o por comunica\u00e7\u00e3o e organiza\u00e7\u00e3o, h\u00e1 espa\u00e7o nas equipes <strong>Polyglots<\/strong> (respons\u00e1veis pela <strong>tradu\u00e7\u00e3o<\/strong> do WordPress para o portugu\u00eas e outros idiomas), <strong>Documenta\u00e7\u00e3o<\/strong> (escrevendo e aprimorando manuais), <strong>Suporte<\/strong> (ajudando usu\u00e1rios nos f\u00f3runs), <strong>Marketing<\/strong> e <strong>Comunidade<\/strong> (promovendo o WordPress e organizando eventos locais).<\/p>\n\n\n\n<h2 class=\"wp-block-heading\">Nota Importante sobre as Equipes<\/h2>\n\n\n\n<p class=\"wp-block-paragraph\">\u00c9 fundamental entender que o Dia do Colabora\u00e7\u00e3o \u00e9 um evento totalmente <strong>impulsionado pela comunidade<\/strong>. A forma\u00e7\u00e3o e a continuidade de cada \u00e1rea de contribui\u00e7\u00e3o no dia dependem inteiramente da <strong>disponibilidade de l\u00edderes e de participantes<\/strong> dispostos a coordenar e trabalhar naquelas frentes.<\/p>\n\n\n\n<p class=\"wp-block-paragraph\">A organiza\u00e7\u00e3o do WordCamp Brasil n\u00e3o pode prometer que todas as \u00e1reas de contribui\u00e7\u00e3o (como Core, Design, Tradu\u00e7\u00e3o, etc.) estar\u00e3o ativas ou com mentoria dispon\u00edvel, a menos que haja volunt\u00e1rios suficientes inscritos para participar e sustentar aquela equipe no dia 28 de Novembro.<\/p>\n\n\n\n<p class=\"wp-block-paragraph\">Em resumo, o Dia do Colabora\u00e7\u00e3o \u00e9 o seu momento de fazer a diferen\u00e7a. \u00c9 a oportunidade de conhecer pessoas incr\u00edveis, aprofundar seu conhecimento, usar suas habilidades para o bem comum e sentir a energia da colabora\u00e7\u00e3o que torna o WordPress o sucesso que ele \u00e9.<\/p>\n\n\n\n<p class=\"wp-block-paragraph\">Tudo o que voc\u00ea precisa \u00e9 curiosidade, um computador e uma <a href=\"https:\/\/login.wordpress.org\/register\" target=\"_blank\" rel=\"noreferrer noopener\">conta gratuita no WordPress.org<\/a>.<\/p>\n\n\n\n<h3 class=\"wp-block-heading\">Como o Dia do Colabora\u00e7\u00e3o vai funcionar no WordCamp Brasil 2025?<\/h3>\n\n\n\n<p class=\"wp-block-paragraph\">Para garantir a melhor experi\u00eancia de colabora\u00e7\u00e3o na sexta-feira, 28 de Novembro, na UERJ, a organiza\u00e7\u00e3o do WordCamp Brasil precisa da sua inscri\u00e7\u00e3o! <\/p>\n\n\n\n<p class=\"wp-block-paragraph\">O Dia do Colabora\u00e7\u00e3o \u00e9 constru\u00eddo <em>pelas<\/em> pessoas que se apresentam para contribuir.<\/p>\n\n\n\n<p class=\"wp-block-paragraph\"><strong>A partir do momento em que tivermos um panorama das inscri\u00e7\u00f5es<\/strong> e uma ideia clara da quantidade de participantes neste dia, poderemos estruturar e divulgar mais informa\u00e7\u00f5es.<\/p>\n\n\n\n<p class=\"wp-block-paragraph\"><strong><a href=\"https:\/\/brasil.wordcamp.org\/2025\/ingressos\/\">Inscreva-se<\/a><\/strong> e ajude-nos a dar forma ao seu Dia do Colabora\u00e7\u00e3o!<\/p>\n","protected":false},"excerpt":{"rendered":"<p>Saiba mais sobre como funciona esse dia especial de colabora\u00e7\u00e3o e aprendizado<\/p>\n","protected":false},"author":6896930,"featured_media":1806,"comment_status":"open","ping_status":"open","sticky":false,"template":"","format":"standard","meta":{"_crdt_document":"","advanced_seo_description":"","jetpack_seo_html_title":"","jetpack_seo_noindex":false,"jetpack_post_was_ever_published":false,"_jetpack_newsletter_access":"","_jetpack_dont_email_post_to_subs":false,"_jetpack_newsletter_tier_id":0,"_jetpack_memberships_contains_paywalled_content":false,"_jetpack_memberships_contains_paid_content":false,"footnotes":""},"categories":[33],"tags":[],"class_list":["post-1804","post","type-post","status-publish","format-standard","has-post-thumbnail","hentry","category-noticias-gerais"],"jetpack_featured_media_url":"https:\/\/brasil.wordcamp.org\/2025\/files\/2025\/09\/image-1.png","jetpack_sharing_enabled":true,"_links":{"self":[{"href":"https:\/\/brasil.wordcamp.org\/2025\/wp-json\/wp\/v2\/posts\/1804","targetHints":{"allow":["GET"]}}],"collection":[{"href":"https:\/\/brasil.wordcamp.org\/2025\/wp-json\/wp\/v2\/posts"}],"about":[{"href":"https:\/\/brasil.wordcamp.org\/2025\/wp-json\/wp\/v2\/types\/post"}],"author":[{"embeddable":true,"href":"https:\/\/brasil.wordcamp.org\/2025\/wp-json\/wp\/v2\/users\/6896930"}],"replies":[{"embeddable":true,"href":"https:\/\/brasil.wordcamp.org\/2025\/wp-json\/wp\/v2\/comments?post=1804"}],"version-history":[{"count":8,"href":"https:\/\/brasil.wordcamp.org\/2025\/wp-json\/wp\/v2\/posts\/1804\/revisions"}],"predecessor-version":[{"id":1921,"href":"https:\/\/brasil.wordcamp.org\/2025\/wp-json\/wp\/v2\/posts\/1804\/revisions\/1921"}],"wp:featuredmedia":[{"embeddable":true,"href":"https:\/\/brasil.wordcamp.org\/2025\/wp-json\/wp\/v2\/media\/1806"}],"wp:attachment":[{"href":"https:\/\/brasil.wordcamp.org\/2025\/wp-json\/wp\/v2\/media?parent=1804"}],"wp:term":[{"taxonomy":"category","embeddable":true,"href":"https:\/\/brasil.wordcamp.org\/2025\/wp-json\/wp\/v2\/categories?post=1804"},{"taxonomy":"post_tag","embeddable":true,"href":"https:\/\/brasil.wordcamp.org\/2025\/wp-json\/wp\/v2\/tags?post=1804"}],"curies":[{"name":"wp","href":"https:\/\/api.w.org\/{rel}","templated":true}]}}