{"id":2270,"date":"2025-10-06T18:47:05","date_gmt":"2025-10-06T21:47:05","guid":{"rendered":"https:\/\/brasil.wordcamp.org\/2025\/?p=2270"},"modified":"2025-10-06T19:42:21","modified_gmt":"2025-10-06T22:42:21","slug":"5-motivos-para-enviar-sua-proposta-de-palestra","status":"publish","type":"post","link":"https:\/\/brasil.wordcamp.org\/2025\/noticias\/5-motivos-para-enviar-sua-proposta-de-palestra\/","title":{"rendered":"5 motivos para enviar sua proposta de palestra"},"content":{"rendered":"\n<p class=\"wp-block-paragraph\"><\/p>\n\n\n\n<p class=\"wp-block-paragraph\">Muita gente sonha em subir no palco e compartilhar suas ideias, outros at\u00e9 querem, mas n\u00e3o se sentem preparados, est\u00e3o esperando o momento certo, alguns nem imaginam o que poderiam compartilhar de \u00fatil, mas a verdade \u00e9 s\u00f3 uma, seja qual for seu n\u00edvel, do iniciante ao avan\u00e7ado, tem p\u00fablico no WordCamp Brasil 2025 interessado no que voc\u00ea tem para falar<strong>.&nbsp;<\/strong><\/p>\n\n\n\n<p class=\"wp-block-paragraph\">Se voc\u00ea j\u00e1 pensou em compartilhar sua experi\u00eancia com a comunidade WordPress, essa \u00e9 sua oportunidade!<\/p>\n\n\n\n<p class=\"wp-block-paragraph\">O WordCamp Brasil est\u00e1 com o <strong>com as inscri\u00e7\u00f5es abertas para palestrantes<\/strong>, e essa pode ser a sua chance de subir ao palco, inspirar pessoas e fortalecer ainda mais a comunidade.&nbsp;<\/p>\n\n\n\n<p class=\"wp-block-paragraph\">Se voc\u00ea ainda est\u00e1 na d\u00favida, aqui est\u00e3o <strong>5 motivos para n\u00e3o deixar essa oportunidade passar!<\/strong><\/p>\n\n\n\n<h2 class=\"wp-block-heading\"><strong>1. Construa autoridade na sua \u00e1rea<\/strong><\/h2>\n\n\n\n<p class=\"wp-block-paragraph\">Dar uma palestra no WordCamp \u00e9 uma forma poderosa de mostrar seu conhecimento, sua trajet\u00f3ria e seus projetos para um p\u00fablico diverso e engajado.&nbsp;<\/p>\n\n\n\n<p class=\"wp-block-paragraph\">Seja voc\u00ea desenvolvedor, designer, criador de conte\u00fado ou empreendedor, sua voz tem espa\u00e7o aqui.<\/p>\n\n\n\n<p class=\"wp-block-paragraph\">Al\u00e9m de ajudar dezenas de pessoas que podem utilizar uma \u00fanica dica sua, voc\u00ea tamb\u00e9m da uma incrementada no seu portf\u00f3lio.&nbsp;<\/p>\n\n\n\n<h2 class=\"wp-block-heading\"><strong>2. Conecte-se com a comunidade<\/strong><\/h2>\n\n\n\n<p class=\"wp-block-paragraph\">Ao palestrar, voc\u00ea n\u00e3o apenas compartilha ideias, mas tamb\u00e9m abre portas para conex\u00f5es reais. Pessoas que assistirem sua talk podem virar parceiros, colegas de trabalho ou at\u00e9 clientes.<\/p>\n\n\n\n<p class=\"wp-block-paragraph\">Durante um dia de palestras voc\u00ea vai perceber que todos os assuntos se conectam e se complementam, mesmo que seu tema seja muito parecido, voc\u00ea vai ver que pontos de vista diferentes trazem solu\u00e7\u00f5es diferentes tamb\u00e9m.&nbsp;<\/p>\n\n\n\n<p class=\"wp-block-paragraph\">Experimente palestrar e prepare-se para conversar com muitas pessoas nos corredores, receber v\u00e1rias solicita\u00e7\u00f5es de amizades nas redes sociaiis e at\u00e9 fazer neg\u00f3cios!&nbsp;<\/p>\n\n\n\n<p class=\"wp-block-paragraph\"><\/p>\n\n\n\n<h2 class=\"wp-block-heading\"><strong>3. Inspire outras pessoas<\/strong><\/h2>\n\n\n\n<p class=\"wp-block-paragraph\">Muitas vezes, uma hist\u00f3ria simples sobre como voc\u00ea resolveu um desafio no WordPress pode mudar a vida de algu\u00e9m. Sua experi\u00eancia pode ser o empurr\u00e3o que outro profissional precisa para crescer.<\/p>\n\n\n\n<p class=\"wp-block-paragraph\">Sua hist\u00f3ria no palco do WordCamp Brasil 2025 pode ser o empurr\u00e3ozinho que faltava para algu\u00e9m desenrolar um problema ou at\u00e9 mesmo criar coragem para tamb\u00e9m compartilhar suas ideias e hist\u00f3rias.&nbsp;<\/p>\n\n\n\n<h2 class=\"wp-block-heading\"><strong>4. D\u00ea visibilidade ao seu trabalho<\/strong><\/h2>\n\n\n\n<p class=\"wp-block-paragraph\">Estar no palco do WordCamp Brasil significa que seu nome e sua talk estar\u00e3o em destaque no site do evento, nas redes sociais e nos canais de divulga\u00e7\u00e3o.&nbsp;<\/p>\n\n\n\n<p class=\"wp-block-paragraph\">Uma vitrine incr\u00edvel para sua carreira e seus projetos.<\/p>\n\n\n\n<p class=\"wp-block-paragraph\">Assim como ajuda&nbsp; voc\u00ea a ter mais autoridade, tamb\u00e9m mostra o seu trabalho para um por\u00e7\u00e3o de gente que pode estar exatamente procurando a sua solu\u00e7\u00e3o para otimizar ou complementar seus neg\u00f3cios e servi\u00e7os.&nbsp;<\/p>\n\n\n\n<h2 class=\"wp-block-heading\"><strong>5. Cres\u00e7a como profissional<\/strong><\/h2>\n\n\n\n<p class=\"wp-block-paragraph\">Preparar uma palestra \u00e9 um processo que exige organiza\u00e7\u00e3o, estudo e pr\u00e1tica de comunica\u00e7\u00e3o. \u00c9 tamb\u00e9m uma oportunidade \u00fanica de desenvolver habilidades que v\u00e3o al\u00e9m do WordPress e podem impactar sua carreira para sempre.<\/p>\n\n\n\n<p class=\"wp-block-paragraph\">Organizar uma palestra te possibilita avaliar seu trabalho de outros pontos de vista, dar aten\u00e7\u00e3o a detalhes que podem fazer a diferen\u00e7a e tamb\u00e9m desenvolve outras habilidades.<\/p>\n\n\n\n<p class=\"wp-block-paragraph\"><strong><br><\/strong>N\u00e3o importa se voc\u00ea nunca palestrou antes: o WordCamp \u00e9 o lugar perfeito para come\u00e7ar. A comunidade \u00e9 aberta, colaborativa e acolhe diferentes pontos de vista.<\/p>\n\n\n\n<p class=\"wp-block-paragraph\"><br>\ud83d\udc49<a href=\"https:\/\/brasil.wordcamp.org\/2025\/noticias\/seja-palestrante\/\"> Envie sua proposta agora mesmo <\/a>e venha fazer parte da programa\u00e7\u00e3o do <strong>WordCamp Brasil 2025<\/strong>!<\/p>\n\n\n\n<p class=\"wp-block-paragraph\">O prazo final para envio do formul\u00e1rio com sua proposta de palestra estar\u00e1 aberto at\u00e9 o dia 19 de outubro \u00e0s 23:59h.<\/p>\n","protected":false},"excerpt":{"rendered":"<p>Chegou sua hora de brilhar! O WordCamp Brasil est\u00e1 com as inscri\u00e7\u00f5es abertas para palestrantes!<\/p>\n","protected":false},"author":13997089,"featured_media":2296,"comment_status":"open","ping_status":"open","sticky":false,"template":"","format":"standard","meta":{"_crdt_document":"","advanced_seo_description":"","jetpack_seo_html_title":"5 motivos para enviar sua proposta de palestra","jetpack_seo_noindex":false,"jetpack_post_was_ever_published":false,"_jetpack_newsletter_access":"","_jetpack_dont_email_post_to_subs":false,"_jetpack_newsletter_tier_id":0,"_jetpack_memberships_contains_paywalled_content":false,"_jetpack_memberships_contains_paid_content":false,"footnotes":""},"categories":[32],"tags":[],"class_list":["post-2270","post","type-post","status-publish","format-standard","has-post-thumbnail","hentry","category-chamadas"],"jetpack_featured_media_url":"https:\/\/brasil.wordcamp.org\/2025\/files\/2025\/10\/young-woman-sitting-in-audience-on-conference-or-w-2025-02-21-13-43-14-utc-scaled.jpg","jetpack_sharing_enabled":true,"_links":{"self":[{"href":"https:\/\/brasil.wordcamp.org\/2025\/wp-json\/wp\/v2\/posts\/2270","targetHints":{"allow":["GET"]}}],"collection":[{"href":"https:\/\/brasil.wordcamp.org\/2025\/wp-json\/wp\/v2\/posts"}],"about":[{"href":"https:\/\/brasil.wordcamp.org\/2025\/wp-json\/wp\/v2\/types\/post"}],"author":[{"embeddable":true,"href":"https:\/\/brasil.wordcamp.org\/2025\/wp-json\/wp\/v2\/users\/13997089"}],"replies":[{"embeddable":true,"href":"https:\/\/brasil.wordcamp.org\/2025\/wp-json\/wp\/v2\/comments?post=2270"}],"version-history":[{"count":6,"href":"https:\/\/brasil.wordcamp.org\/2025\/wp-json\/wp\/v2\/posts\/2270\/revisions"}],"predecessor-version":[{"id":2315,"href":"https:\/\/brasil.wordcamp.org\/2025\/wp-json\/wp\/v2\/posts\/2270\/revisions\/2315"}],"wp:featuredmedia":[{"embeddable":true,"href":"https:\/\/brasil.wordcamp.org\/2025\/wp-json\/wp\/v2\/media\/2296"}],"wp:attachment":[{"href":"https:\/\/brasil.wordcamp.org\/2025\/wp-json\/wp\/v2\/media?parent=2270"}],"wp:term":[{"taxonomy":"category","embeddable":true,"href":"https:\/\/brasil.wordcamp.org\/2025\/wp-json\/wp\/v2\/categories?post=2270"},{"taxonomy":"post_tag","embeddable":true,"href":"https:\/\/brasil.wordcamp.org\/2025\/wp-json\/wp\/v2\/tags?post=2270"}],"curies":[{"name":"wp","href":"https:\/\/api.w.org\/{rel}","templated":true}]}}