{"id":3625,"date":"2025-11-24T19:03:35","date_gmt":"2025-11-24T22:03:35","guid":{"rendered":"https:\/\/brasil.wordcamp.org\/2025\/?p=3625"},"modified":"2025-11-24T19:03:35","modified_gmt":"2025-11-24T22:03:35","slug":"especial-pre-wordcamp-comunidade-wp-rio-convida-para-palestra-sobre-wordpress-playground","status":"publish","type":"post","link":"https:\/\/brasil.wordcamp.org\/2025\/noticias\/especial-pre-wordcamp-comunidade-wp-rio-convida-para-palestra-sobre-wordpress-playground\/","title":{"rendered":"Especial pr\u00e9-WordCamp: Comunidade WP Rio convida para palestra sobre WordPress Playground!"},"content":{"rendered":"\n<p class=\"wp-block-paragraph\">A comunidade WP Rio, em parceria com a organiza\u00e7\u00e3o do <strong>WordCamp Brasil 2025<\/strong>, tem a honra de trazer <strong>Fellyph Cintra<\/strong>, <em>Developer Relations Advocate<\/em> da Automattic, para uma palestra sensacional intitulada <strong><a href=\"https:\/\/www.meetup.com\/wp-rio\/events\/311997035\/\">&#8220;WordPress Playground: de testes automatizados \u00e0 integra\u00e7\u00e3o com IA&#8221;<\/a><\/strong>. <\/p>\n\n\n\n<p class=\"wp-block-paragraph\">Aproveitando a vinda de Fellyph para o WordCamp, a <a href=\"https:\/\/wprio.org\/\">comunidade WP Rio<\/a> resolveu fazer este meetup extra do WordCamp Brasil para que ele tenha mais tempo para mostrar inova\u00e7\u00f5es que a comunidade internacional do\u00a0<a href=\"http:\/\/wordpress.org\/\" target=\"_blank\" rel=\"noreferrer noopener\">WordPress.org<\/a>\u00a0vem trabalhando para fazer a vida de usu\u00e1rios e desenvolvedores melhor.<\/p>\n\n\n\n<p class=\"wp-block-paragraph\">Envolvido com WordPress desde 2008, Fellyph \u00e9 apaixonado por front-end e pela constru\u00e7\u00e3o de comunidades. Atualmente, trabalha no WordPress Playground, uma tecnologia que utiliza o WASM (WebAssembly) para executar aplica\u00e7\u00f5es do WordPress diretamente no navegador. Palestrou em mais de 20 WordCamps e coorganizou eventos em S\u00e3o Paulo e em Dublin. Suas contribui\u00e7\u00f5es incluem a cria\u00e7\u00e3o do primeiro curso de WordPress em S\u00e3o Paulo (2010), a administra\u00e7\u00e3o de um grande Multisite na UOL e a tradu\u00e7\u00e3o de plugins e documenta\u00e7\u00e3o.<\/p>\n\n\n\n<div class=\"wp-block-media-text is-stacked-on-mobile has-custom-branco-background-color has-background\"><figure class=\"wp-block-media-text__media\"><a href=\"https:\/\/www.meetup.com\/wp-rio\/events\/311997035\/\"><img loading=\"lazy\" decoding=\"async\" width=\"820\" height=\"1024\" src=\"https:\/\/brasil.wordcamp.org\/2025\/files\/2025\/11\/Meetup-WP-Rio-com-Fellyph-Cintra-WordCamp-Brasil-2025-1-820x1024.png\" alt=\"\" class=\"wp-image-3630 size-full\" srcset=\"https:\/\/brasil.wordcamp.org\/2025\/files\/2025\/11\/Meetup-WP-Rio-com-Fellyph-Cintra-WordCamp-Brasil-2025-1-820x1024.png 820w, https:\/\/brasil.wordcamp.org\/2025\/files\/2025\/11\/Meetup-WP-Rio-com-Fellyph-Cintra-WordCamp-Brasil-2025-1-240x300.png 240w, https:\/\/brasil.wordcamp.org\/2025\/files\/2025\/11\/Meetup-WP-Rio-com-Fellyph-Cintra-WordCamp-Brasil-2025-1-768x959.png 768w, https:\/\/brasil.wordcamp.org\/2025\/files\/2025\/11\/Meetup-WP-Rio-com-Fellyph-Cintra-WordCamp-Brasil-2025-1.png 959w\" sizes=\"auto, (max-width: 820px) 100vw, 820px\" \/><\/a><\/figure><div class=\"wp-block-media-text__content\">\n<p class=\"wp-block-paragraph\"><strong>Data<\/strong><br>27\/11, quinta-feira, das 18h \u00e0s 21h<\/p>\n\n\n\n<p class=\"wp-block-paragraph\"><strong>Local<\/strong><br>Audit\u00f3rio 11 (Bloco F) da UERJ. Rua S\u00e3o Francisco Xavier, 524, Maracan\u00e3 \u00b7 Rio de Janeiro. <a href=\"https:\/\/maps.app.goo.gl\/o5UoZYJb2bsYVAP27\">Veja como chegar<\/a>.<\/p>\n\n\n\n<p class=\"wp-block-paragraph\"><strong>Inscri\u00e7\u00e3o<\/strong><br>Este \u00e9 um evento \u00e0 parte, ent\u00e3o n\u00e3o esque\u00e7a de <a href=\"https:\/\/www.meetup.com\/wp-rio\/events\/311997035\/?eventOrigin=home_page_upcoming_events%24all\">fazer sua inscri\u00e7\u00e3o direto no site do Meetup<\/a>!<\/p>\n<\/div><\/div>\n","protected":false},"excerpt":{"rendered":"<p>No dia 27\/11, a comunidade WP Rio convida todos os participantes do WordCamp Brasil para uma sess\u00e3o extra!<\/p>\n","protected":false},"author":587564,"featured_media":3635,"comment_status":"open","ping_status":"open","sticky":false,"template":"","format":"standard","meta":{"_crdt_document":"","advanced_seo_description":"","jetpack_seo_html_title":"","jetpack_seo_noindex":false,"jetpack_post_was_ever_published":false,"_jetpack_newsletter_access":"","_jetpack_dont_email_post_to_subs":false,"_jetpack_newsletter_tier_id":0,"_jetpack_memberships_contains_paywalled_content":false,"_jetpack_memberships_contains_paid_content":false,"footnotes":""},"categories":[33],"tags":[],"class_list":["post-3625","post","type-post","status-publish","format-standard","has-post-thumbnail","hentry","category-noticias-gerais"],"jetpack_featured_media_url":"https:\/\/brasil.wordcamp.org\/2025\/files\/2025\/11\/Meetup-WP-Rio-com-Fellyph-Cintra-WordCamp-Brasil-2025-2.png","jetpack_sharing_enabled":true,"_links":{"self":[{"href":"https:\/\/brasil.wordcamp.org\/2025\/wp-json\/wp\/v2\/posts\/3625","targetHints":{"allow":["GET"]}}],"collection":[{"href":"https:\/\/brasil.wordcamp.org\/2025\/wp-json\/wp\/v2\/posts"}],"about":[{"href":"https:\/\/brasil.wordcamp.org\/2025\/wp-json\/wp\/v2\/types\/post"}],"author":[{"embeddable":true,"href":"https:\/\/brasil.wordcamp.org\/2025\/wp-json\/wp\/v2\/users\/587564"}],"replies":[{"embeddable":true,"href":"https:\/\/brasil.wordcamp.org\/2025\/wp-json\/wp\/v2\/comments?post=3625"}],"version-history":[{"count":9,"href":"https:\/\/brasil.wordcamp.org\/2025\/wp-json\/wp\/v2\/posts\/3625\/revisions"}],"predecessor-version":[{"id":3637,"href":"https:\/\/brasil.wordcamp.org\/2025\/wp-json\/wp\/v2\/posts\/3625\/revisions\/3637"}],"wp:featuredmedia":[{"embeddable":true,"href":"https:\/\/brasil.wordcamp.org\/2025\/wp-json\/wp\/v2\/media\/3635"}],"wp:attachment":[{"href":"https:\/\/brasil.wordcamp.org\/2025\/wp-json\/wp\/v2\/media?parent=3625"}],"wp:term":[{"taxonomy":"category","embeddable":true,"href":"https:\/\/brasil.wordcamp.org\/2025\/wp-json\/wp\/v2\/categories?post=3625"},{"taxonomy":"post_tag","embeddable":true,"href":"https:\/\/brasil.wordcamp.org\/2025\/wp-json\/wp\/v2\/tags?post=3625"}],"curies":[{"name":"wp","href":"https:\/\/api.w.org\/{rel}","templated":true}]}}