{"id":1537,"date":"2026-09-04T10:22:53","date_gmt":"2026-09-04T13:22:53","guid":{"rendered":"https:\/\/brasil.wordcamp.org\/2026\/?p=1537"},"modified":"2026-09-04T11:16:01","modified_gmt":"2026-09-04T14:16:01","slug":"faca-parte-do-wordcamp-brasil-2026-seja-voluntario","status":"publish","type":"post","link":"https:\/\/brasil.wordcamp.org\/2026\/faca-parte-do-wordcamp-brasil-2026-seja-voluntario\/","title":{"rendered":"Fa\u00e7a parte do WordCamp Brasil 2026: seja volunt\u00e1rio!"},"content":{"rendered":"\n<p class=\"wp-block-paragraph\">O WordCamp Brasil 2026 est\u00e1 chegando e voc\u00ea pode fazer parte da equipe que ajudar\u00e1 a tornar esse encontro inesquec\u00edvel!<\/p>\n\n\n\n<p class=\"wp-block-paragraph\">Nos dias <strong>30 e 31 de outubro de 2026<\/strong>, a comunidade WordPress estar\u00e1 reunida em <strong>Belo Horizonte, Minas Gerais<\/strong>, para dois dias de colabora\u00e7\u00e3o, aprendizado, troca de experi\u00eancias e muitas conex\u00f5es.<\/p>\n\n\n\n<p class=\"wp-block-paragraph\">Para que tudo aconte\u00e7a da melhor maneira poss\u00edvel, contamos com pessoas dispostas a compartilhar seu tempo, suas habilidades e, principalmente, sua vontade de contribuir com a comunidade.<\/p>\n\n\n\n<p class=\"wp-block-paragraph\">E n\u00e3o se preocupe: <strong>voc\u00ea n\u00e3o precisa ser desenvolvedor, especialista em WordPress ou ter experi\u00eancia anterior em eventos para ser volunt\u00e1rio<\/strong>. Existem diferentes formas de ajudar, e cada participa\u00e7\u00e3o faz a diferen\u00e7a.<\/p>\n\n\n\n<h2 class=\"wp-block-heading\">O que faz um volunt\u00e1rio no WordCamp Brasil?<\/h2>\n\n\n\n<p class=\"wp-block-paragraph\">Os volunt\u00e1rios ajudam a equipe de organiza\u00e7\u00e3o principalmente durante os dias do evento. As atividades s\u00e3o distribu\u00eddas de acordo com as necessidades do WordCamp e, sempre que poss\u00edvel, considerando as habilidades, os interesses e a disponibilidade de cada pessoa.<\/p>\n\n\n\n<p class=\"wp-block-paragraph\">Voc\u00ea poder\u00e1 colaborar em \u00e1reas como:<\/p>\n\n\n\n<h3 class=\"wp-block-heading\">Credenciamento e recep\u00e7\u00e3o<\/h3>\n\n\n\n<p class=\"wp-block-paragraph\">Ajudar a receber os participantes, conferir inscri\u00e7\u00f5es, entregar credenciais e orientar quem est\u00e1 chegando ao evento.<\/p>\n\n\n\n<p class=\"wp-block-paragraph\">\u00c9 uma fun\u00e7\u00e3o muito importante, pois o volunt\u00e1rio da recep\u00e7\u00e3o costuma ser um dos primeiros contatos que o participante ter\u00e1 com o WordCamp Brasil.<\/p>\n\n\n\n<h3 class=\"wp-block-heading\">Orienta\u00e7\u00e3o dos participantes<\/h3>\n\n\n\n<p class=\"wp-block-paragraph\">Auxiliar o p\u00fablico a encontrar audit\u00f3rios, banheiros, \u00e1reas de alimenta\u00e7\u00e3o, espa\u00e7os dos patrocinadores e outros ambientes do evento.<\/p>\n\n\n\n<p class=\"wp-block-paragraph\">Tamb\u00e9m poder\u00e1 ajudar a responder d\u00favidas gerais sobre a programa\u00e7\u00e3o e o funcionamento do local.<\/p>\n\n\n\n<h3 class=\"wp-block-heading\">Apoio nas salas de palestras<\/h3>\n\n\n\n<p class=\"wp-block-paragraph\">Ajudar na organiza\u00e7\u00e3o da entrada e sa\u00edda do p\u00fablico, conferir a capacidade das salas, manter os corredores livres e apoiar o andamento da programa\u00e7\u00e3o.<\/p>\n\n\n\n<h3 class=\"wp-block-heading\">Suporte aos palestrantes<\/h3>\n\n\n\n<p class=\"wp-block-paragraph\">Receber e orientar palestrantes, ajud\u00e1-los a encontrar as salas, confirmar hor\u00e1rios e oferecer suporte antes e depois de cada apresenta\u00e7\u00e3o.<\/p>\n\n\n\n<h3 class=\"wp-block-heading\">Controle do tempo das palestras<\/h3>\n\n\n\n<p class=\"wp-block-paragraph\">Acompanhar a dura\u00e7\u00e3o das apresenta\u00e7\u00f5es e sinalizar ao palestrante quanto tempo ainda est\u00e1 dispon\u00edvel, ajudando a manter toda a programa\u00e7\u00e3o dentro do hor\u00e1rio previsto.<\/p>\n\n\n\n<h3 class=\"wp-block-heading\">Apoio com microfones e perguntas<\/h3>\n\n\n\n<p class=\"wp-block-paragraph\">Circular com o microfone durante os momentos de perguntas e respostas, organizando a participa\u00e7\u00e3o do p\u00fablico e facilitando a intera\u00e7\u00e3o com os palestrantes.<\/p>\n\n\n\n<h3 class=\"wp-block-heading\">Apoio t\u00e9cnico e audiovisual<\/h3>\n\n\n\n<p class=\"wp-block-paragraph\">Auxiliar na prepara\u00e7\u00e3o das apresenta\u00e7\u00f5es, na conex\u00e3o de computadores, na verifica\u00e7\u00e3o de projetores, telas, som, microfones e transmiss\u00e3o.<\/p>\n\n\n\n<p class=\"wp-block-paragraph\">Quem j\u00e1 possui conhecimentos t\u00e9cnicos poder\u00e1 informar essa experi\u00eancia no formul\u00e1rio de inscri\u00e7\u00e3o, mas tamb\u00e9m poder\u00e3o existir atividades que n\u00e3o exigem conhecimento avan\u00e7ado.<\/p>\n\n\n\n<h3 class=\"wp-block-heading\">Fotografia, v\u00eddeo e cobertura do evento<\/h3>\n\n\n\n<p class=\"wp-block-paragraph\">Registrar palestras, bastidores, momentos de networking, atividades da comunidade e outros acontecimentos do WordCamp Brasil.<\/p>\n\n\n\n<p class=\"wp-block-paragraph\">Tamb\u00e9m pode haver oportunidades para apoiar a produ\u00e7\u00e3o de conte\u00fado para o site e para as redes sociais do evento.<\/p>\n\n\n\n<h3 class=\"wp-block-heading\">Apoio aos patrocinadores<\/h3>\n\n\n\n<p class=\"wp-block-paragraph\">Orientar os representantes das empresas patrocinadoras, ajudar na localiza\u00e7\u00e3o dos estandes e apoiar demandas relacionadas aos espa\u00e7os destinados aos patrocinadores.<\/p>\n\n\n\n<h3 class=\"wp-block-heading\">Organiza\u00e7\u00e3o das filas e circula\u00e7\u00e3o<\/h3>\n\n\n\n<p class=\"wp-block-paragraph\">Ajudar na organiza\u00e7\u00e3o das filas do credenciamento, alimenta\u00e7\u00e3o, entrada nas salas e outras \u00e1reas de maior movimento, contribuindo para uma experi\u00eancia mais tranquila e segura.<\/p>\n\n\n\n<h3 class=\"wp-block-heading\">Apoio nos intervalos e na alimenta\u00e7\u00e3o<\/h3>\n\n\n\n<p class=\"wp-block-paragraph\">Orientar os participantes durante o coffee break e o almo\u00e7o, ajudar a manter a circula\u00e7\u00e3o organizada e esclarecer d\u00favidas sobre hor\u00e1rios e locais.<\/p>\n\n\n\n<h3 class=\"wp-block-heading\">Acessibilidade e acolhimento<\/h3>\n\n\n\n<p class=\"wp-block-paragraph\">Apoiar participantes que precisem de orienta\u00e7\u00e3o ou assist\u00eancia, ajudando a construir um evento mais acess\u00edvel, inclusivo e acolhedor para todas as pessoas.<\/p>\n\n\n\n<h3 class=\"wp-block-heading\">Informa\u00e7\u00f5es e atendimento geral<\/h3>\n\n\n\n<p class=\"wp-block-paragraph\">Atuar como um ponto de apoio para d\u00favidas, imprevistos e necessidades dos participantes durante os dois dias de evento.<\/p>\n\n\n\n<h3 class=\"wp-block-heading\">Organiza\u00e7\u00e3o e encerramento<\/h3>\n\n\n\n<p class=\"wp-block-paragraph\">Auxiliar na prepara\u00e7\u00e3o dos espa\u00e7os antes da abertura, na reposi\u00e7\u00e3o e distribui\u00e7\u00e3o de materiais e na organiza\u00e7\u00e3o do local ao final das atividades. O manual oficial dos WordCamps, inclusive, prev\u00ea a possibilidade de volunt\u00e1rios ajudarem na organiza\u00e7\u00e3o final e na entrega adequada do espa\u00e7o. <a href=\"https:\/\/make.wordpress.org\/community\/handbook\/wordcamp-organizer\/during-wordcamp\/\">Saiba mais no Manual da Comunidade WordPress<\/a>.<\/p>\n\n\n\n<h2 class=\"wp-block-heading\">Tamb\u00e9m haver\u00e1 o Dia da Colabora\u00e7\u00e3o<\/h2>\n\n\n\n<p class=\"wp-block-paragraph\">O primeiro dia do WordCamp Brasil ser\u00e1 dedicado \u00e0 colabora\u00e7\u00e3o com o projeto WordPress.<\/p>\n\n\n\n<p class=\"wp-block-paragraph\">Nesse momento, pessoas com diferentes n\u00edveis de conhecimento poder\u00e3o conhecer as equipes do projeto e descobrir como contribuir com \u00e1reas como comunidade, tradu\u00e7\u00e3o, documenta\u00e7\u00e3o, suporte, acessibilidade, design, marketing, desenvolvimento e muito mais.<\/p>\n\n\n\n<p class=\"wp-block-paragraph\">Ser volunt\u00e1rio \u00e9 uma maneira de apoiar o evento, mas tamb\u00e9m pode ser o come\u00e7o de uma participa\u00e7\u00e3o ainda mais ativa no projeto WordPress.<\/p>\n\n\n\n<h2 class=\"wp-block-heading\">Quais s\u00e3o os benef\u00edcios de ser volunt\u00e1rio?<\/h2>\n\n\n\n<p class=\"wp-block-paragraph\">O trabalho volunt\u00e1rio n\u00e3o \u00e9 apenas uma forma de ajudar. \u00c9 tamb\u00e9m uma oportunidade de aprender, criar conex\u00f5es e viver o WordCamp de uma perspectiva completamente diferente.<\/p>\n\n\n\n<p class=\"wp-block-paragraph\">Todo volunt\u00e1rio tem ingresso para os dois dias de evento gratu\u00edto e entre os principais benef\u00edcios est\u00e3o:<\/p>\n\n\n\n<ul class=\"wp-block-list\">\n<li>Fazer parte da equipe oficial do WordCamp Brasil 2026;<\/li>\n\n\n\n<li>Conhecer pessoas de diferentes \u00e1reas do ecossistema WordPress;<\/li>\n\n\n\n<li>Ampliar sua rede de contatos profissionais;<\/li>\n\n\n\n<li>Ter contato com palestrantes, organizadores, patrocinadores e colaboradores;<\/li>\n\n\n\n<li>Desenvolver habilidades de comunica\u00e7\u00e3o, organiza\u00e7\u00e3o, atendimento e trabalho em equipe;<\/li>\n\n\n\n<li>Adquirir experi\u00eancia na realiza\u00e7\u00e3o de um grande evento de tecnologia e comunidade;<\/li>\n\n\n\n<li>Conhecer melhor o funcionamento dos WordCamps;<\/li>\n\n\n\n<li>Descobrir novas formas de contribuir com o projeto WordPress;<\/li>\n\n\n\n<li>Fortalecer seu portf\u00f3lio e sua trajet\u00f3ria profissional;<\/li>\n\n\n\n<li>Fazer novas amizades e se aproximar da comunidade;<\/li>\n\n\n\n<li>Ajudar a construir um ambiente inclusivo, colaborativo e acolhedor;<\/li>\n\n\n\n<li>Ter sua contribui\u00e7\u00e3o reconhecida oficialmente no WordPress.org.<\/li>\n<\/ul>\n\n\n\n<p class=\"wp-block-paragraph\">Mais do que acompanhar o evento, o volunt\u00e1rio participa dos bastidores e ajuda a criar a experi\u00eancia que ser\u00e1 vivida por toda a comunidade.<\/p>\n\n\n\n<h2 class=\"wp-block-heading\">Volunt\u00e1rios recebem um badge no perfil do WordPress.org<\/h2>\n\n\n\n<p class=\"wp-block-paragraph\">Desde 2025, os volunt\u00e1rios dos WordCamps podem receber um <strong>badge oficial de volunt\u00e1rio em seu perfil no WordPress.org<\/strong>.<\/p>\n\n\n\n<p class=\"wp-block-paragraph\">Esse badge \u2014 ou selo \u2014 reconhece publicamente a contribui\u00e7\u00e3o da pessoa para a realiza\u00e7\u00e3o de um evento oficial da comunidade WordPress. Antes, esse tipo de reconhecimento j\u00e1 existia para organizadores e palestrantes. Agora, o trabalho dos volunt\u00e1rios tamb\u00e9m pode ficar registrado no perfil.<\/p>\n\n\n\n<p class=\"wp-block-paragraph\">O badge \u00e9 atribu\u00eddo pela organiza\u00e7\u00e3o do WordCamp por meio do site oficial do evento. Por isso, \u00e9 importante informar corretamente o seu <strong>nome de usu\u00e1rio no WordPress.org<\/strong> ao preencher o formul\u00e1rio. <a href=\"https:\/\/make.wordpress.org\/community\/2025\/04\/02\/announcing-wordcamp-volunteer-badges-on-wordpress-org-profiles\/\">Veja o an\u00fancio oficial do badge para volunt\u00e1rios<\/a>.<\/p>\n\n\n\n<p class=\"wp-block-paragraph\">Esse reconhecimento pode ser especialmente interessante para quem:<\/p>\n\n\n\n<ol class=\"wp-block-list\">\n<li>Participa ou deseja come\u00e7ar a participar da comunidade WordPress;<\/li>\n\n\n\n<li>Trabalha com desenvolvimento, design, conte\u00fado, marketing ou tecnologia;<\/li>\n\n\n\n<li>Quer registrar suas contribui\u00e7\u00f5es ao projeto de c\u00f3digo aberto;<\/li>\n\n\n\n<li>Deseja fortalecer sua presen\u00e7a profissional dentro do ecossistema WordPress;<\/li>\n\n\n\n<li>Pretende participar futuramente de outras iniciativas, Meetups e WordCamps.<\/li>\n<\/ol>\n\n\n\n<p class=\"wp-block-paragraph\">A atribui\u00e7\u00e3o do badge \u00e9 administrada pela organiza\u00e7\u00e3o do evento e aparece vinculada ao perfil informado. <a href=\"https:\/\/make.wordpress.org\/community\/handbook\/community-deputy\/resources-and-tools\/community-profile-badges;\">Consulte a documenta\u00e7\u00e3o dos badges da comunidade<\/a>.<\/p>\n\n\n\n<h2 class=\"wp-block-heading\">Preciso ter experi\u00eancia?<\/h2>\n\n\n\n<p class=\"wp-block-paragraph\">N\u00e3o. A experi\u00eancia anterior <strong>n\u00e3o \u00e9 obrigat\u00f3ria<\/strong>.<\/p>\n\n\n\n<p class=\"wp-block-paragraph\">O pr\u00f3prio formul\u00e1rio pergunta se ser\u00e1 a sua primeira vez como volunt\u00e1rio em um evento WordPress. Isso significa que pessoas que nunca participaram dessa forma tamb\u00e9m s\u00e3o bem-vindas.<\/p>\n\n\n\n<p class=\"wp-block-paragraph\">Voc\u00ea poder\u00e1 informar suas habilidades, seus interesses, suas experi\u00eancias e o n\u00famero de horas dispon\u00edveis. Essas informa\u00e7\u00f5es ajudar\u00e3o a organiza\u00e7\u00e3o a encontrar a atividade mais adequada para o seu perfil.<\/p>\n\n\n\n<p class=\"wp-block-paragraph\">O mais importante \u00e9 ter responsabilidade, disponibilidade durante o hor\u00e1rio combinado, disposi\u00e7\u00e3o para colaborar e compromisso com o C\u00f3digo de Conduta do evento.<\/p>\n\n\n\n<h2 class=\"wp-block-heading\">Como se inscrever?<\/h2>\n\n\n\n<p class=\"wp-block-paragraph\">Para demonstrar interesse, acesse a p\u00e1gina oficial da <strong>Chamada para Volunt\u00e1rios do WordCamp Brasil 2026<\/strong> e preencha o formul\u00e1rio com:<\/p>\n\n\n\n<ul class=\"wp-block-list\">\n<li>Nome;<\/li>\n\n\n\n<li>E-mail;<\/li>\n\n\n\n<li>Nome de usu\u00e1rio no WordPress.org;<\/li>\n\n\n\n<li>Habilidades, interesses ou experi\u00eancias;<\/li>\n\n\n\n<li>N\u00famero de horas dispon\u00edveis;<\/li>\n\n\n\n<li>Informa\u00e7\u00e3o sobre experi\u00eancias anteriores como volunt\u00e1rio;<\/li>\n\n\n\n<li>Perguntas ou coment\u00e1rios para a organiza\u00e7\u00e3o.<\/li>\n<\/ul>\n\n\n\n<p class=\"wp-block-paragraph\">Depois, \u00e9 s\u00f3 aguardar o contato da equipe com as pr\u00f3ximas orienta\u00e7\u00f5es.<\/p>\n\n\n\n<p class=\"wp-block-paragraph\"><strong><a href=\"https:\/\/brasil.wordcamp.org\/2026\/chamada-para-voluntarios\/?utm_source=chatgpt.com\">Quero ser volunt\u00e1rio no WordCamp Brasil 2026<\/a><\/strong><\/p>\n\n\n\n<h2 class=\"wp-block-heading\">Venha construir o WordCamp Brasil com a gente!<\/h2>\n\n\n\n<p class=\"wp-block-paragraph\">O WordCamp Brasil \u00e9 feito pela comunidade e para a comunidade. Cada pessoa que recebe os participantes, orienta uma sala, ajuda um palestrante, entrega um microfone ou resolve uma d\u00favida contribui diretamente para o sucesso do evento.<\/p>\n\n\n\n<p class=\"wp-block-paragraph\">N\u00e3o importa se voc\u00ea est\u00e1 chegando agora ao universo WordPress ou se j\u00e1 participa da comunidade h\u00e1 anos: existe espa\u00e7o para colaborar, aprender e fazer a diferen\u00e7a.<\/p>\n\n\n\n<p class=\"wp-block-paragraph\"><strong>Inscreva-se como volunt\u00e1rio e venha fazer parte da hist\u00f3ria do WordCamp Brasil 2026!<\/strong><\/p>\n\n\n\n<p class=\"wp-block-paragraph\">\ud83d\udccd <strong>Belo Horizonte, Minas Gerais<\/strong><br>\ud83d\udcc5 <strong>30 e 31 de outubro de 2026<\/strong><br>\ud83d\udd17 <strong><a href=\"https:\/\/brasil.wordcamp.org\/2026\/chamada-para-voluntarios\/\">Inscreva-se na chamada para volunt\u00e1rios<\/a><\/strong><\/p>\n","protected":false},"excerpt":{"rendered":"<p>O WordCamp Brasil 2026 est\u00e1 chegando e voc\u00ea pode fazer parte da equipe que ajudar\u00e1 a tornar esse encontro inesquec\u00edvel! Nos dias 30 e 31 de outubro de 2026, a comunidade WordPress estar\u00e1 reunida em Belo Horizonte, Minas Gerais, para dois dias de colabora\u00e7\u00e3o, aprendizado, troca de experi\u00eancias e muitas conex\u00f5es. Para que tudo aconte\u00e7a [&hellip;]<\/p>\n","protected":false},"author":13997089,"featured_media":1728,"comment_status":"open","ping_status":"open","sticky":false,"template":"","format":"standard","meta":{"advanced_seo_description":"","jetpack_seo_html_title":"","jetpack_seo_noindex":false,"jetpack_seo_schema_type":"","_jetpack_newsletter_access":"","_jetpack_dont_email_post_to_subs":false,"_jetpack_newsletter_tier_id":0,"_jetpack_memberships_contains_paywalled_content":false,"_nakedcatplugins_page_lang":"","_nakedcatplugins_page_dir":"ltr","_jetpack_feature_clip_id":0,"_jetpack_memberships_contains_paid_content":false,"footnotes":"","jetpack_post_was_ever_published":false},"categories":[1],"tags":[],"class_list":["post-1537","post","type-post","status-publish","format-standard","has-post-thumbnail","hentry","category-noticias"],"jetpack_sharing_enabled":true,"jetpack_shortlink":"https:\/\/wp.me\/phj3bh-oN","jetpack_featured_media_url":"https:\/\/brasil.wordcamp.org\/2026\/files\/2026\/09\/wordcamp-brasil-2026-voluntarios-2048x1365-1.jpg","_links":{"self":[{"href":"https:\/\/brasil.wordcamp.org\/2026\/wp-json\/wp\/v2\/posts\/1537","targetHints":{"allow":["GET"]}}],"collection":[{"href":"https:\/\/brasil.wordcamp.org\/2026\/wp-json\/wp\/v2\/posts"}],"about":[{"href":"https:\/\/brasil.wordcamp.org\/2026\/wp-json\/wp\/v2\/types\/post"}],"author":[{"embeddable":true,"href":"https:\/\/brasil.wordcamp.org\/2026\/wp-json\/wp\/v2\/users\/13997089"}],"replies":[{"embeddable":true,"href":"https:\/\/brasil.wordcamp.org\/2026\/wp-json\/wp\/v2\/comments?post=1537"}],"version-history":[{"count":3,"href":"https:\/\/brasil.wordcamp.org\/2026\/wp-json\/wp\/v2\/posts\/1537\/revisions"}],"predecessor-version":[{"id":1726,"href":"https:\/\/brasil.wordcamp.org\/2026\/wp-json\/wp\/v2\/posts\/1537\/revisions\/1726"}],"wp:featuredmedia":[{"embeddable":true,"href":"https:\/\/brasil.wordcamp.org\/2026\/wp-json\/wp\/v2\/media\/1728"}],"wp:attachment":[{"href":"https:\/\/brasil.wordcamp.org\/2026\/wp-json\/wp\/v2\/media?parent=1537"}],"wp:term":[{"taxonomy":"category","embeddable":true,"href":"https:\/\/brasil.wordcamp.org\/2026\/wp-json\/wp\/v2\/categories?post=1537"},{"taxonomy":"post_tag","embeddable":true,"href":"https:\/\/brasil.wordcamp.org\/2026\/wp-json\/wp\/v2\/tags?post=1537"}],"curies":[{"name":"wp","href":"https:\/\/api.w.org\/{rel}","templated":true}]}}